{"id":14943,"date":"2022-03-22T16:43:22","date_gmt":"2022-03-22T15:43:22","guid":{"rendered":"https:\/\/crossculture-academy.com\/?p=14943"},"modified":"2024-03-07T22:27:39","modified_gmt":"2024-03-07T22:27:39","slug":"die-besten-gespraeche-ergeben-sich-beim-essen","status":"publish","type":"post","link":"https:\/\/crossculture-academy.com\/de\/die-besten-gespraeche-ergeben-sich-beim-essen\/","title":{"rendered":"Die besten Gespr\u00e4che ergeben sich beim Essen"},"content":{"rendered":"\n<figure class=\"wp-block-image size-full\"><img decoding=\"async\" src=\"https:\/\/crossculture-academy.com\/wp-content\/uploads\/2022\/03\/Die-besten-Gespraeche-ergeben-sich-beim-Essen-300x206-1.jpg\" alt=\"\" class=\"wp-image-14944\" title=\"\"><figcaption><\/figcaption><\/figure>\n\n\n\n<p>September 2012, ich besuche als Referentin und Projektpartnerin den internationalen Kongress Euroempleo in Alcal\u00e1 la Real (zwischen M\u00e1laga und Granada, Spanien). Gerade ist es etwa 14:30 Uhr und wie jeden Tag wird ein k\u00f6nigliches Mittagessen serviert. Zum gemeinsamen Essen verabredet waren wir um 14:00 Uhr. Wie auch jeden Tag sind die spanischen Partner nicht unbedingt \u00fcberp\u00fcnktlich. Die internationalen Delegationen warten ungeduldig, schon seit 20 Minuten. Nur die italienischen Kollegen trinken gem\u00fctlich einen Aperitif und nehmen die Versp\u00e4tung der Spanier locker.<\/p>\n\n\n\n<h4 class=\"wp-block-heading\">Essen bedeutet Kommunizieren<\/h4>\n\n\n\n<p>Inzwischen ist es 14:45 Uhr. Wir fangen an zu essen. Ich sitze mit meinen deutschen Kollegen und unseren spanischen Gastgebern an einem Tisch. Wir Spanier pflegen gerne w\u00e4hrend des Essens zu reden. Denn die gemeinsamen Essenszeiten nutzen wir nicht nur dazu, um uns zu ern\u00e4hren, sondern auch, um miteinander zu kommunizieren, miteinander zu \u201ekl\u00f6nen\u201c. So entsteht sehr schnell und fast selbstverst\u00e4ndlich ein lockeres Gespr\u00e4ch zwischen den Spaniern und den Deutschen. Man erkundigt sich zuerst ohne gro\u00dfe Erwartungen nach den aktuellen Projekten. Beim Hauptgang angelangt, sind wir schon auf eine gemeinsame Projektidee gesto\u00dfen. Beim Nachtisch sprechen wir \u00fcber die unmittelbare Planung zur Entwicklung des Projekts \u2026<\/p>\n\n\n\n<h4 class=\"wp-block-heading\">Pufferzeit einplanen<\/h4>\n\n\n\n<p>In Spanien werden wichtige Entscheidungen oft in lockerer Atmosph\u00e4re beim Mittag- oder Abendessen getroffen. Aus diesem Grund ist es nicht empfehlenswert, zum Meeting nach Spanien am Vormittag anzureisen und am Abend wieder zur\u00fcck nach Deutschland fliegen zu wollen. Pufferzeiten sollten immer eingeplant werden, denn Spanier legen auf pers\u00f6nliche Beziehungen und damit auf gemeinsam verbrachte Zeit sehr viel Wert. Dadurch zeigen wir unsere Wertsch\u00e4tzung f\u00fcr unsere Gesch\u00e4ftspartner. Bei spanischen Meetings geht es also nicht nur um das Treffen von Entscheidungen, sondern auch um den menschlichen Kontakt, den Austausch von Meinungen und das Sammeln von Informationen. Die Uhren ticken in Spanien in der Tat etwas langsamer als in Deutschland, was nicht unbedingt bedeutet, dass die Arbeitsmoral schlechter ist. Man nimmt sich einfach gerne die Zeit, sich kennenzulernen, sich gegenseitig zu vertrauen und \u2013 warum nicht &#8211; zusammen zu essen. Der Rest ergibt sich langsam und von ganz alleine, wie der Reifeprozess eines guten Weines.<\/p>\n\n\n\n<p><em><strong>Autorin:<\/strong><\/em> <em>Manuela Montesinos<\/em><\/p>\n\n\n","protected":false},"excerpt":{"rendered":"<p>September 2012, ich besuche als Referentin und Projektpartnerin den internationalen Kongress Euroempleo in Alcal\u00e1 la Real (zwischen M\u00e1laga und Granada, Spanien). Gerade ist es etwa 14:30 Uhr und wie jeden Tag wird ein k\u00f6nigliches Mittagessen serviert. Zum gemeinsamen Essen verabredet waren wir um 14:00 Uhr. Wie auch jeden Tag sind die spanischen Partner nicht unbedingt [&hellip;]<\/p>\n","protected":false},"author":1,"featured_media":14944,"comment_status":"open","ping_status":"closed","sticky":false,"template":"","format":"standard","meta":{"_acf_changed":false,"_improvement_type_select":"improve_an_existing","_thumb_yes_seoaic":false,"_frame_yes_seoaic":false,"seoaic_generate_description":"","seoaic_improve_instructions_prompt":"","seoaic_rollback_content_improvement":"","seoaic_idea_thumbnail_generator":"","thumbnail_generated":false,"thumbnail_generate_prompt":"","seoaic_article_description":"","seoaic_article_subtitles":[],"footnotes":""},"categories":[31,35,51],"tags":[],"class_list":["post-14943","post","type-post","status-publish","format-standard","has-post-thumbnail","hentry","category-europa","category-interkulturelle-grundlagen","category-spanien"],"acf":[],"_links":{"self":[{"href":"https:\/\/crossculture-academy.com\/de\/wp-json\/wp\/v2\/posts\/14943","targetHints":{"allow":["GET"]}}],"collection":[{"href":"https:\/\/crossculture-academy.com\/de\/wp-json\/wp\/v2\/posts"}],"about":[{"href":"https:\/\/crossculture-academy.com\/de\/wp-json\/wp\/v2\/types\/post"}],"author":[{"embeddable":true,"href":"https:\/\/crossculture-academy.com\/de\/wp-json\/wp\/v2\/users\/1"}],"replies":[{"embeddable":true,"href":"https:\/\/crossculture-academy.com\/de\/wp-json\/wp\/v2\/comments?post=14943"}],"version-history":[{"count":0,"href":"https:\/\/crossculture-academy.com\/de\/wp-json\/wp\/v2\/posts\/14943\/revisions"}],"wp:featuredmedia":[{"embeddable":true,"href":"https:\/\/crossculture-academy.com\/de\/wp-json\/"}],"wp:attachment":[{"href":"https:\/\/crossculture-academy.com\/de\/wp-json\/wp\/v2\/media?parent=14943"}],"wp:term":[{"taxonomy":"category","embeddable":true,"href":"https:\/\/crossculture-academy.com\/de\/wp-json\/wp\/v2\/categories?post=14943"},{"taxonomy":"post_tag","embeddable":true,"href":"https:\/\/crossculture-academy.com\/de\/wp-json\/wp\/v2\/tags?post=14943"}],"curies":[{"name":"wp","href":"https:\/\/api.w.org\/{rel}","templated":true}]}}